{"id":1377,"date":"2025-03-24T12:56:18","date_gmt":"2025-03-24T12:56:18","guid":{"rendered":"https:\/\/scirescareer.unibuc.ro\/?p=1377"},"modified":"2025-03-24T12:56:18","modified_gmt":"2025-03-24T12:56:18","slug":"academic-career-teaching-innovation-and-professional-development","status":"publish","type":"post","link":"https:\/\/scirescareer.unibuc.ro\/index.php\/2025\/03\/24\/academic-career-teaching-innovation-and-professional-development\/","title":{"rendered":"Academic career: teaching, innovation\u00a0and professional development"},"content":{"rendered":"\n<p>Vineri, 28 martie 2025, \u00eencep\u00e2nd cu ora 10.30, SciResCareer, \u0218coala Doctoral\u0103 de Psihologie \u0219i \u0218tiin\u021bele&nbsp;Educa\u021biei \u0219i \u0218coala Doctoral\u0103 de \u0218tiin\u021be&nbsp;Administrative v\u0103 invit\u0103 la masa rotund\u0103 intitulat\u0103 <strong><em>Academic career: teaching, innovation&nbsp;and professional development. <\/em><\/strong>Dezbaterea \u00ee\u0219i&nbsp;propune s\u0103 abordeze subiecte precum provoc\u0103rile&nbsp;actuale&nbsp;\u00een educa\u021bie, implementarea metodelor inovative \u00een predare, dezvoltarea carierei academice \u0219i de cercetare \u00een contextul noilor tehnologii informa\u021bionale.<\/p>\n\n\n\n<p>Evenimentul va fi g\u0103zduit de Sala Consiliului de Administra\u021bie din cadrul Rectoratului Universit\u0103\u021bii din Bucure\u0219ti (\u0218os. Panduri nr. 90) \u0219i \u00eei are ca invita\u021bi pe:<\/p>\n\n\n\n<ul class=\"wp-block-list\">\n<li>Prof. dr. Fabio Musso, Carlo Bo University of\u00a0 Urbino (Italia);<\/li>\n\n\n\n<li>Prof. dr. Romi\u021b\u0103 Iucu, Universitatea din Bucure\u0219ti, Pre\u0219edinte\u00a0al Consiliului de Orientare \u0219i Analiz\u0103 Strategic\u0103 (\u201eCOAS\u201d) al Universit\u0103\u021bii din Bucure\u0219ti;<\/li>\n\n\n\n<li>Prof. dr. Lucian Ciolan, Universitatea din Bucure\u0219ti, Prorector Proiecte de Dezvoltare \u0219i \u00cenv\u0103\u021bare Continu\u0103;<\/li>\n\n\n\n<li>Prof. dr. Bogdan Murgescu, Universitatea din Bucure\u0219ti, Prorector Bugetare \u0219i Resurse Umane.<\/li>\n<\/ul>\n\n\n\n<p>Moderatorii evenimentului sunt Prof. dr. Virgil B\u0103ran, Universitatea din Bucure\u0219ti (Director CSUD) \u0219i Prof. dr. Elena Druic\u0103, Universitatea din Bucure\u0219ti (director&nbsp;\u0218coala Doctoral\u0103 de \u0218tiin\u021be Administrative).<\/p>\n\n\n\n<h2 class=\"wp-block-heading\">Despre Fabio Musso<\/h2>\n\n\n\n<p>Fabio Musso este profesor de Business Management \u00een cadrul Department of Economics, Society and Politics \u0219i&nbsp; prorector pentru Knowledge Transfer and Public Engagement \u00een cadrul Carlo Bo University of&nbsp; Urbino (Italy). Este vicepre\u0219edinte al Societ\u0103\u021bii Italiene de Management (Societ\u00e0 Italiana di Management \u2212 SIMA). Are peste 30 de ani de experien\u021b\u0103 \u00een cercetare \u0219i predare. \u00cenainte de a al\u0103tura mediului universitar, a lucrat ca manager de marketing \u00een industria mobilei \u0219i auto.<\/p>\n\n\n\n<p>Este redactor \u0219ef al Revistei Interna\u021bionale de Comportament Economic, Editor asociat al Revistei Interna\u021bionale de Economie Comportamental\u0103 Aplicat\u0103 \u0219i membru al Consiliului \u0219tiin\u021bific al mai multor reviste interna\u021bionale. Are peste 250 de publica\u021bii de cercetare \u00een diverse reviste\/conferin\u021be interna\u021bionale cu peer-review \u0219i a publicat nou\u0103sprezece c\u0103r\u021bi. Interesele sale actuale de cercetare includ strategie de afaceri, interna\u021bionalizare, marketing, canale de marketing, retail, logistic\u0103, CSR. Este membru al Academiei Britanice de Management (BAM), al Accademia Italiana di Economia Aziendale (AIDEA) \u0219i al Societ\u00e0 Italiana di Marketing.<\/p>\n","protected":false},"excerpt":{"rendered":"<p>Vineri, 28 martie 2025, \u00eencep\u00e2nd cu ora 10.30, SciResCareer, \u0218coala Doctoral\u0103 de Psihologie \u0219i \u0218tiin\u021bele&nbsp;Educa\u021biei \u0219i \u0218coala Doctoral\u0103 de \u0218tiin\u021be&nbsp;Administrative v\u0103 invit\u0103 la masa rotund\u0103 intitulat\u0103 Academic career: teaching, innovation&nbsp;and professional development. Dezbaterea \u00ee\u0219i&nbsp;propune s\u0103 abordeze subiecte precum provoc\u0103rile&nbsp;actuale&nbsp;\u00een educa\u021bie, implementarea metodelor inovative \u00een predare, dezvoltarea carierei academice \u0219i de cercetare \u00een contextul noilor tehnologii&#8230;<\/p>\n","protected":false},"author":1,"featured_media":1379,"comment_status":"open","ping_status":"open","sticky":false,"template":"","format":"standard","meta":{"_jetpack_memberships_contains_paid_content":false,"footnotes":""},"categories":[1],"tags":[],"class_list":["post-1377","post","type-post","status-publish","format-standard","has-post-thumbnail","hentry","category-noutati"],"jetpack_featured_media_url":"https:\/\/i0.wp.com\/scirescareer.unibuc.ro\/wp-content\/uploads\/2025\/03\/Afis_28_martie-web.jpg?fit=509%2C720&ssl=1","jetpack-related-posts":[],"jetpack_sharing_enabled":true,"_links":{"self":[{"href":"https:\/\/scirescareer.unibuc.ro\/index.php\/wp-json\/wp\/v2\/posts\/1377","targetHints":{"allow":["GET"]}}],"collection":[{"href":"https:\/\/scirescareer.unibuc.ro\/index.php\/wp-json\/wp\/v2\/posts"}],"about":[{"href":"https:\/\/scirescareer.unibuc.ro\/index.php\/wp-json\/wp\/v2\/types\/post"}],"author":[{"embeddable":true,"href":"https:\/\/scirescareer.unibuc.ro\/index.php\/wp-json\/wp\/v2\/users\/1"}],"replies":[{"embeddable":true,"href":"https:\/\/scirescareer.unibuc.ro\/index.php\/wp-json\/wp\/v2\/comments?post=1377"}],"version-history":[{"count":1,"href":"https:\/\/scirescareer.unibuc.ro\/index.php\/wp-json\/wp\/v2\/posts\/1377\/revisions"}],"predecessor-version":[{"id":1378,"href":"https:\/\/scirescareer.unibuc.ro\/index.php\/wp-json\/wp\/v2\/posts\/1377\/revisions\/1378"}],"wp:featuredmedia":[{"embeddable":true,"href":"https:\/\/scirescareer.unibuc.ro\/index.php\/wp-json\/wp\/v2\/media\/1379"}],"wp:attachment":[{"href":"https:\/\/scirescareer.unibuc.ro\/index.php\/wp-json\/wp\/v2\/media?parent=1377"}],"wp:term":[{"taxonomy":"category","embeddable":true,"href":"https:\/\/scirescareer.unibuc.ro\/index.php\/wp-json\/wp\/v2\/categories?post=1377"},{"taxonomy":"post_tag","embeddable":true,"href":"https:\/\/scirescareer.unibuc.ro\/index.php\/wp-json\/wp\/v2\/tags?post=1377"}],"curies":[{"name":"wp","href":"https:\/\/api.w.org\/{rel}","templated":true}]}}