{"id":1384,"date":"2025-04-17T10:48:13","date_gmt":"2025-04-17T10:48:13","guid":{"rendered":"https:\/\/scirescareer.unibuc.ro\/?p=1384"},"modified":"2025-04-29T05:54:36","modified_gmt":"2025-04-29T05:54:36","slug":"cercetalert-v","status":"publish","type":"post","link":"https:\/\/scirescareer.unibuc.ro\/index.php\/2025\/04\/17\/cercetalert-v\/","title":{"rendered":"CercetALERT (V)"},"content":{"rendered":"\n<p>Bun venit la o nou\u0103 edi\u021bie de CercetALERT, cea cu num\u0103rul V. Luna mai este una extrem de bogat\u0103 \u00een evenimente pentru cercet\u0103tori \u0219i la care SciResCareer este fie partener, fie organizator principal. O parte din ele sunt prezentate mai jos, lista complet\u0103 va fi anun\u021bat\u0103 foarte cur\u00e2nd prin newsletter-ul CercetALERT, la care v\u0103 invit\u0103m s\u0103 v\u0103 abona\u021bi acces\u00e2nd <strong><a href=\"http:\/\/eepurl.com\/i43jkE\">link-ul dedicat<\/a><\/strong>.<\/p>\n\n\n\n<p>SusMatEner este o re\u021bea doctoral\u0103 Marie Curie finan\u021bat\u0103 prin programul HORIZON EUROPE care ofer\u0103 posturi de doctorat pentru 15 doctoranzi \u00een \u0219tiin\u021ba materialelor, pentru proiecte care \u00eencep \u00een toamna anului 2025. Termenul limit\u0103 de aplicare este 30 aprilie. Candida\u021bii la doctorat, to\u021bi \u00een co-tutel\u0103 interna\u021bional\u0103 \u0219i cu un partener din industrie, vor lucra la materiale noi \u0219i optimizate pentru diverse aplica\u021bii \u00een energia regenerabil\u0103. Principiul de lucru este \u201e<em>materialele prin proiectare<\/em>\u201d, ob\u021binute prin colaborarea \u00eentre experimentali\u0219ti \u0219i exper\u021bi \u00een machine learning \u0219i analiza ciclului de via\u021b\u0103 <a href=\"https:\/\/susmatener.ism.u-bordeaux.fr\/\" target=\"_blank\" rel=\"noreferrer noopener\">detalii aici<\/a><\/p>\n\n\n\n<p>Conferin\u021b\u0103 interdisciplinar\u0103 fizic\u0103 &#8211; filosofie &#8211; \u00een perioada 5-7 mai 2025, la Facultatea de Fizic\u0103 a Universit\u0103\u021bii din Bucure\u0219ti (M\u0103gurele). Sec\u021biune special\u0103 dedicat\u0103 elevilor de liceu, detalii \u00een articolul de mai jos.<\/p>\n\n\n\n<figure class=\"wp-block-embed is-type-wp-embed is-provider-scirescareer wp-block-embed-scirescareer\"><div class=\"wp-block-embed__wrapper\">\n<blockquote class=\"wp-embedded-content\" data-secret=\"e0yBlPFV0v\"><a href=\"https:\/\/scirescareer.unibuc.ro\/index.php\/conference-quantum-mechanics-physics-metaphysical-issues\/\">Conference: Quantum Mechanics, Physical and Metaphysical Issues<\/a><\/blockquote><iframe loading=\"lazy\" class=\"wp-embedded-content\" sandbox=\"allow-scripts\" security=\"restricted\" style=\"position: absolute; visibility: hidden;\" title=\"&#8220;Conference: Quantum Mechanics, Physical and Metaphysical Issues&#8221; &#8212; SciResCareer \" src=\"https:\/\/scirescareer.unibuc.ro\/index.php\/conference-quantum-mechanics-physics-metaphysical-issues\/embed\/#?secret=oxmKk8PhS4#?secret=e0yBlPFV0v\" data-secret=\"e0yBlPFV0v\" width=\"600\" height=\"338\" frameborder=\"0\" marginwidth=\"0\" marginheight=\"0\" scrolling=\"no\"><\/iframe>\n<\/div><\/figure>\n\n\n\n<p>Dac\u0103 utiliza\u021bi RMN \u00een cercet\u0103rile dumneavoastr\u0103, pe 6 mai are loc tot la M\u0103gurele, dar la Institutul Na\u021bional de Cercetare-Dezvoltare pentru Fizicia Materialelor, un workshop dedicat &#8211; <em>Exploring the Structure of Matter by NMR<\/em>. Evenimentul este ocazionat de inaugurarea noii infrastructuri RMN \u00een cadrul institutului \u0219i se bucur\u0103 de prezen\u021ba unor speciali\u0219ti \u00een domeniul RMN. <\/p>\n\n\n\n<figure class=\"wp-block-embed is-type-wp-embed is-provider-scirescareer wp-block-embed-scirescareer\"><div class=\"wp-block-embed__wrapper\">\n<blockquote class=\"wp-embedded-content\" data-secret=\"j0Zj9jx3g7\"><a href=\"https:\/\/scirescareer.unibuc.ro\/index.php\/2025\/04\/15\/exploring-the-structure-of-matter-by-nmr-1st-nmr-romanian-workshop\/\">Exploring the Structure of Matter by NMR &#8211; 1st NMR Romanian Workshop<\/a><\/blockquote><iframe loading=\"lazy\" class=\"wp-embedded-content\" sandbox=\"allow-scripts\" security=\"restricted\" style=\"position: absolute; visibility: hidden;\" title=\"&#8220;Exploring the Structure of Matter by NMR &#8211; 1st NMR Romanian Workshop&#8221; &#8212; SciResCareer \" src=\"https:\/\/scirescareer.unibuc.ro\/index.php\/2025\/04\/15\/exploring-the-structure-of-matter-by-nmr-1st-nmr-romanian-workshop\/embed\/#?secret=UBlQx4QQSr#?secret=j0Zj9jx3g7\" data-secret=\"j0Zj9jx3g7\" width=\"600\" height=\"338\" frameborder=\"0\" marginwidth=\"0\" marginheight=\"0\" scrolling=\"no\"><\/iframe>\n<\/div><\/figure>\n\n\n\n<p>Joi, 8 mai 2025, sunte\u021bi invita\u021bi la sesiunea de formare <em><strong>Ecosistemul rom\u00e2nesc de cercetare \u0219i inovare \u00een context european \u0219i interna\u021bional. Oportunit\u0103\u021bi de finan\u021bare, provoc\u0103ri \u0219i direc\u021bii strategice.<\/strong><\/em> Sesiunea va fi sus\u021binut\u0103 de Dr. Mariana Chioncel \u0219i se adreseaz\u0103 cercet\u0103torilor din toate domeniile \u0219i din orice etap\u0103 a carierei, coordonatorilor de proiecte \u0219i programe de cercetare \u0219i inovare, managerilor \u0219i administratorilor implica\u021bi \u00een activit\u0103\u021bi de cercetare, precum \u0219i reprezentan\u021bilor institu\u021biilor publice \u0219i private din ecosistemul de cercetare \u0219i inovare din regiunea Bucure\u0219ti\u2013Ilfov.<\/p>\n\n\n\n<figure class=\"wp-block-embed is-type-wp-embed is-provider-scirescareer wp-block-embed-scirescareer\"><div class=\"wp-block-embed__wrapper\">\n<blockquote class=\"wp-embedded-content\" data-secret=\"7iGByjd5NA\"><a href=\"https:\/\/scirescareer.unibuc.ro\/index.php\/2025\/04\/23\/ecosistemul-romanesc-de-cercetare-si-inovare-in-context-european-si-international\/\">Ecosistemul rom\u00e2nesc de cercetare \u0219i inovare \u00een context european \u0219i interna\u021bional<\/a><\/blockquote><iframe loading=\"lazy\" class=\"wp-embedded-content\" sandbox=\"allow-scripts\" security=\"restricted\" style=\"position: absolute; visibility: hidden;\" title=\"&#8220;Ecosistemul rom\u00e2nesc de cercetare \u0219i inovare \u00een context european \u0219i interna\u021bional&#8221; &#8212; SciResCareer \" src=\"https:\/\/scirescareer.unibuc.ro\/index.php\/2025\/04\/23\/ecosistemul-romanesc-de-cercetare-si-inovare-in-context-european-si-international\/embed\/#?secret=hCm5OQyCJ6#?secret=7iGByjd5NA\" data-secret=\"7iGByjd5NA\" width=\"600\" height=\"338\" frameborder=\"0\" marginwidth=\"0\" marginheight=\"0\" scrolling=\"no\"><\/iframe>\n<\/div><\/figure>\n\n\n\n<p>Elevii de liceu \u00een special, dar \u0219i publicul larg este invitat la <strong>FestivALL UB \u00een Gr\u0103dina Botanic\u0103, pe 9 \u0219i 10 mai<\/strong> 2025. <em>Meet&amp;greet <\/em>cu profesori \u0219i studen\u021bi din cele 19 facult\u0103\u021bi ale Universit\u0103\u021bii din Bucure\u0219ti, ateliere, experimente live, proiec\u021bii de filme, treasure hunt, maraton de literatur\u0103, muzic\u0103 live \u0219i multe altele.<\/p>\n\n\n\n<figure class=\"wp-block-embed is-type-wp-embed is-provider-unibuc-universitatea-din-bucure-ti wp-block-embed-unibuc-universitatea-din-bucure-ti\"><div class=\"wp-block-embed__wrapper\">\n<blockquote class=\"wp-embedded-content\" data-secret=\"AWEP4SJlcb\"><a href=\"https:\/\/unibuc.ro\/ati-auzit-primul-festivall-ub-e-aici-si-va-asteapta-in-gradina-botanica-pe-9-si-10-mai-2025\/\">A\u021bi auzit? Primul festivALL UB e aici \u0219i v\u0103 a\u0219teapt\u0103 \u00een Gr\u0103dina Botanic\u0103 pe 9 \u0219i 10 mai 2025<\/a><\/blockquote><iframe loading=\"lazy\" class=\"wp-embedded-content\" sandbox=\"allow-scripts\" security=\"restricted\" style=\"position: absolute; visibility: hidden;\" title=\"&#8222;A\u021bi auzit? Primul festivALL UB e aici \u0219i v\u0103 a\u0219teapt\u0103 \u00een Gr\u0103dina Botanic\u0103 pe 9 \u0219i 10 mai 2025&#8221; &#8212; UniBuc - Universitatea din Bucure\u0219ti\" src=\"https:\/\/unibuc.ro\/ati-auzit-primul-festivall-ub-e-aici-si-va-asteapta-in-gradina-botanica-pe-9-si-10-mai-2025\/embed\/#?secret=PLJzXUWo08#?secret=AWEP4SJlcb\" data-secret=\"AWEP4SJlcb\" width=\"600\" height=\"338\" frameborder=\"0\" marginwidth=\"0\" marginheight=\"0\" scrolling=\"no\"><\/iframe>\n<\/div><\/figure>\n\n\n\n<p>Pe 12 mai 2025 are loc sesiunea informativ\u0103 dedicat\u0103 granturilor European Research Council (ERC). Acest eveniment reprezint\u0103 o oportunitate valoroas\u0103 pentru cercet\u0103torii din toate domeniile de a \u00een\u021belege mai bine programul ERC, tipurile de granturi disponibile, precum \u0219i perspectivele oferite de beneficiari \u0219i evaluatori asupra procesului de aplicare \u0219i selec\u021bie.<\/p>\n\n\n\n<figure class=\"wp-block-embed is-type-wp-embed is-provider-scirescareer wp-block-embed-scirescareer\"><div class=\"wp-block-embed__wrapper\">\n<blockquote class=\"wp-embedded-content\" data-secret=\"YXNkUHFSM7\"><a href=\"https:\/\/scirescareer.unibuc.ro\/index.php\/2025\/04\/26\/sesiune-informativa-granturile-european-research-council-erc\/\">Sesiune Informativ\u0103: Granturile \u00a0European Research Council (ERC)<\/a><\/blockquote><iframe loading=\"lazy\" class=\"wp-embedded-content\" sandbox=\"allow-scripts\" security=\"restricted\" style=\"position: absolute; visibility: hidden;\" title=\"&#8220;Sesiune Informativ\u0103: Granturile \u00a0European Research Council (ERC)&#8221; &#8212; SciResCareer \" src=\"https:\/\/scirescareer.unibuc.ro\/index.php\/2025\/04\/26\/sesiune-informativa-granturile-european-research-council-erc\/embed\/#?secret=kxBXivM0C7#?secret=YXNkUHFSM7\" data-secret=\"YXNkUHFSM7\" width=\"600\" height=\"338\" frameborder=\"0\" marginwidth=\"0\" marginheight=\"0\" scrolling=\"no\"><\/iframe>\n<\/div><\/figure>\n\n\n\n<p>Comunicarea public\u0103 a rezultatelor cercet\u0103rii \u0219tiin\u021bifice&nbsp;reprezint\u0103&nbsp;primul pas c\u0103tre a face \u0219tiin\u021ba cu \u0219i pentru societate. O declara\u021bie foarte curajoas\u0103 a doamnei Ada Roseti, lectorul ce va sus\u021bine cursul de comunicare a \u0219tiin\u021bei. O necesitate crescut\u0103 \u021bin\u00e2nd cont de asaltul pseudo-\u0219tiin\u021belor asupra societ\u0103\u021bii moderne, dar \u0219i o condi\u021bie cvasi-obligatorie a finan\u021batorilor pentru proiectele de cercetare. Pe 13 \u0219i 14 mai, \u00een format online. <\/p>\n\n\n\n<figure class=\"wp-block-embed is-type-wp-embed is-provider-scirescareer wp-block-embed-scirescareer\"><div class=\"wp-block-embed__wrapper\">\n<blockquote class=\"wp-embedded-content\" data-secret=\"ItaXRBeMFz\"><a href=\"https:\/\/scirescareer.unibuc.ro\/index.php\/2025\/04\/17\/formare-comunicarea-publica-a-rezultatelor-cercetarii-stiintifice\/\">Formare: Comunicarea public\u0103 a rezultatelor cercet\u0103rii \u0219tiin\u021bifice<\/a><\/blockquote><iframe loading=\"lazy\" class=\"wp-embedded-content\" sandbox=\"allow-scripts\" security=\"restricted\" style=\"position: absolute; visibility: hidden;\" title=\"&#8220;Formare: Comunicarea public\u0103 a rezultatelor cercet\u0103rii \u0219tiin\u021bifice&#8221; &#8212; SciResCareer \" src=\"https:\/\/scirescareer.unibuc.ro\/index.php\/2025\/04\/17\/formare-comunicarea-publica-a-rezultatelor-cercetarii-stiintifice\/embed\/#?secret=AynILNQjD0#?secret=ItaXRBeMFz\" data-secret=\"ItaXRBeMFz\" width=\"600\" height=\"338\" frameborder=\"0\" marginwidth=\"0\" marginheight=\"0\" scrolling=\"no\"><\/iframe>\n<\/div><\/figure>\n\n\n\n<p>Pe 15 mai, cercet\u0103torii str\u0103ini, at\u00e2t cei la \u00eenceput de carier\u0103, c\u00e2t \u0219i cei experimenta\u021bi, interesa\u021bi s\u0103 \u00een\u021beleag\u0103 ecosistemul de cercetare rom\u00e2nesc \u0219i european, sunt invita\u021bi la un eveniment ce are ca scop oferirea unei priviri de ansamblu clar\u0103 \u0219i strategic\u0103 aasupra ecosistemului de cercetare \u0219i inovare (R&amp;I) din Rom\u00e2nia, \u00eencadrat\u0103 \u00een contexte europene \u0219i globale mai largi.<\/p>\n\n\n\n<figure class=\"wp-block-embed is-type-wp-embed is-provider-scirescareer wp-block-embed-scirescareer\"><div class=\"wp-block-embed__wrapper\">\n<blockquote class=\"wp-embedded-content\" data-secret=\"mFbZNVVUug\"><a href=\"https:\/\/scirescareer.unibuc.ro\/index.php\/2025\/04\/22\/research-innovation-landscape-opportunities-principles-and-international-integration\/\">Research &amp; Innovation Landscape: Opportunities, Principles, and International Integration<\/a><\/blockquote><iframe loading=\"lazy\" class=\"wp-embedded-content\" sandbox=\"allow-scripts\" security=\"restricted\" style=\"position: absolute; visibility: hidden;\" title=\"&#8220;Research &amp; Innovation Landscape: Opportunities, Principles, and International Integration&#8221; &#8212; SciResCareer \" src=\"https:\/\/scirescareer.unibuc.ro\/index.php\/2025\/04\/22\/research-innovation-landscape-opportunities-principles-and-international-integration\/embed\/#?secret=7qlkYI3JUq#?secret=mFbZNVVUug\" data-secret=\"mFbZNVVUug\" width=\"600\" height=\"338\" frameborder=\"0\" marginwidth=\"0\" marginheight=\"0\" scrolling=\"no\"><\/iframe>\n<\/div><\/figure>\n\n\n\n<p>Brevetul este o form\u0103 de protec\u021bie a propriet\u0103\u021bii intelectuale, iar cercet\u0103torii pot fi pu\u0219i \u00een situa\u021bia de a-\u0219i proteja rezultalele cercet\u0103rilor printr-un astfel de instrument Pe 19 mai 2025, cercet\u0103torii din Regiunea Bucure\u0219ti-Ilfov sunt invita\u021bi la un curs introductiv pe aceast\u0103 tem\u0103.<\/p>\n\n\n\n<figure class=\"wp-block-embed is-type-wp-embed is-provider-scirescareer wp-block-embed-scirescareer\"><div class=\"wp-block-embed__wrapper\">\n<blockquote class=\"wp-embedded-content\" data-secret=\"Oei73uqmH8\"><a href=\"https:\/\/scirescareer.unibuc.ro\/index.php\/2025\/04\/29\/curs-introductiv-brevet-inventie-elemente-esentiale-protectie\/\">Curs introductiv \u2013 Brevetul de inven\u021bie \u0219i elemente esen\u021biale ale protec\u021biei prin brevet<\/a><\/blockquote><iframe loading=\"lazy\" class=\"wp-embedded-content\" sandbox=\"allow-scripts\" security=\"restricted\" style=\"position: absolute; visibility: hidden;\" title=\"&#8220;Curs introductiv \u2013 Brevetul de inven\u021bie \u0219i elemente esen\u021biale ale protec\u021biei prin brevet&#8221; &#8212; SciResCareer \" src=\"https:\/\/scirescareer.unibuc.ro\/index.php\/2025\/04\/29\/curs-introductiv-brevet-inventie-elemente-esentiale-protectie\/embed\/#?secret=VmEwpJVlTA#?secret=Oei73uqmH8\" data-secret=\"Oei73uqmH8\" width=\"600\" height=\"338\" frameborder=\"0\" marginwidth=\"0\" marginheight=\"0\" scrolling=\"no\"><\/iframe>\n<\/div><\/figure>\n\n\n\n<p>Miercuri, 21 mai 2025, are loc conferin\u021ba <strong><em>The Permian Kupferschiefer copper mineralizing systems: new insights from Eastern Germany<\/em><\/strong>, sus\u021binut\u0103 de Prof. dr. Sarah A. Gleeson (<em>University College Dublin<\/em>, Irlanda). Conferin\u021ba abordeaz\u0103 un subiect care este de interes pentru un public mai larg: studen\u021bi, profesori \u0219i oameni de \u0219tiin\u021b\u0103 care lucreaz\u0103 \u00een, dar f\u0103r\u0103 a se limita la, domenii precum geochimie, geofizic\u0103, geologie, fizic\u0103, chimia mediului.<\/p>\n\n\n\n<figure class=\"wp-block-embed is-type-wp-embed is-provider-scirescareer wp-block-embed-scirescareer\"><div class=\"wp-block-embed__wrapper\">\n<blockquote class=\"wp-embedded-content\" data-secret=\"VaeHZeWf9D\"><a href=\"https:\/\/scirescareer.unibuc.ro\/index.php\/2025\/04\/24\/conferinta-sarah-a-gleeson\/\">Conferin\u021b\u0103: Sarah A. Gleeson<\/a><\/blockquote><iframe loading=\"lazy\" class=\"wp-embedded-content\" sandbox=\"allow-scripts\" security=\"restricted\" style=\"position: absolute; visibility: hidden;\" title=\"&#8220;Conferin\u021b\u0103: Sarah A. Gleeson&#8221; &#8212; SciResCareer \" src=\"https:\/\/scirescareer.unibuc.ro\/index.php\/2025\/04\/24\/conferinta-sarah-a-gleeson\/embed\/#?secret=Il8xw7cgp6#?secret=VaeHZeWf9D\" data-secret=\"VaeHZeWf9D\" width=\"600\" height=\"338\" frameborder=\"0\" marginwidth=\"0\" marginheight=\"0\" scrolling=\"no\"><\/iframe>\n<\/div><\/figure>\n\n\n\n<p>Joint Research Centre EU ofer\u0103 stagii de practic\u0103 pl\u0103tite \u00een domeniul \u0219tiin\u021bific \u00een 5 loca\u021bii din UE. Programul de practic\u0103 \u00eencepe \u00een octombrie 2025 \u0219i se desf\u0103\u0219oar\u0103 pe o perioad\u0103 de 5 luni. Termen limit\u0103 pentru \u00eenscrieri: 20 mai 2025 &#8211; <a href=\"https:\/\/recruitment.jrc.ec.europa.eu\/graduate-trainees\" target=\"_blank\" rel=\"noreferrer noopener\">detalii aici<\/a>.<\/p>\n\n\n\n<figure class=\"wp-block-embed is-type-rich is-provider-instagram wp-block-embed-instagram\"><div class=\"wp-block-embed__wrapper\">\n<blockquote class=\"instagram-media\" data-instgrm-captioned data-instgrm-permalink=\"https:\/\/www.instagram.com\/p\/DI0iwfvqxI-\/?utm_source=ig_embed&amp;utm_campaign=loading\" data-instgrm-version=\"14\" style=\" background:#FFF; border:0; border-radius:3px; box-shadow:0 0 1px 0 rgba(0,0,0,0.5),0 1px 10px 0 rgba(0,0,0,0.15); margin: 1px; max-width:640px; min-width:326px; padding:0; width:99.375%; width:-webkit-calc(100% - 2px); width:calc(100% - 2px);\"><div style=\"padding:16px;\"> <a href=\"https:\/\/www.instagram.com\/p\/DI0iwfvqxI-\/?utm_source=ig_embed&amp;utm_campaign=loading\" style=\" background:#FFFFFF; line-height:0; padding:0 0; text-align:center; text-decoration:none; width:100%;\" target=\"_blank\"> <div style=\" display: flex; flex-direction: row; align-items: center;\"> <div style=\"background-color: #F4F4F4; border-radius: 50%; flex-grow: 0; height: 40px; margin-right: 14px; width: 40px;\"><\/div> <div style=\"display: flex; flex-direction: column; flex-grow: 1; justify-content: center;\"> <div style=\" background-color: #F4F4F4; border-radius: 4px; flex-grow: 0; height: 14px; margin-bottom: 6px; width: 100px;\"><\/div> <div style=\" background-color: #F4F4F4; border-radius: 4px; flex-grow: 0; height: 14px; width: 60px;\"><\/div><\/div><\/div><div style=\"padding: 19% 0;\"><\/div> <div style=\"display:block; height:50px; margin:0 auto 12px; width:50px;\"><svg width=\"50px\" height=\"50px\" viewBox=\"0 0 60 60\" version=\"1.1\" xmlns=\"https:\/\/www.w3.org\/2000\/svg\" xmlns:xlink=\"https:\/\/www.w3.org\/1999\/xlink\"><g stroke=\"none\" stroke-width=\"1\" fill=\"none\" fill-rule=\"evenodd\"><g transform=\"translate(-511.000000, -20.000000)\" fill=\"#000000\"><g><path d=\"M556.869,30.41 C554.814,30.41 553.148,32.076 553.148,34.131 C553.148,36.186 554.814,37.852 556.869,37.852 C558.924,37.852 560.59,36.186 560.59,34.131 C560.59,32.076 558.924,30.41 556.869,30.41 M541,60.657 C535.114,60.657 530.342,55.887 530.342,50 C530.342,44.114 535.114,39.342 541,39.342 C546.887,39.342 551.658,44.114 551.658,50 C551.658,55.887 546.887,60.657 541,60.657 M541,33.886 C532.1,33.886 524.886,41.1 524.886,50 C524.886,58.899 532.1,66.113 541,66.113 C549.9,66.113 557.115,58.899 557.115,50 C557.115,41.1 549.9,33.886 541,33.886 M565.378,62.101 C565.244,65.022 564.756,66.606 564.346,67.663 C563.803,69.06 563.154,70.057 562.106,71.106 C561.058,72.155 560.06,72.803 558.662,73.347 C557.607,73.757 556.021,74.244 553.102,74.378 C549.944,74.521 548.997,74.552 541,74.552 C533.003,74.552 532.056,74.521 528.898,74.378 C525.979,74.244 524.393,73.757 523.338,73.347 C521.94,72.803 520.942,72.155 519.894,71.106 C518.846,70.057 518.197,69.06 517.654,67.663 C517.244,66.606 516.755,65.022 516.623,62.101 C516.479,58.943 516.448,57.996 516.448,50 C516.448,42.003 516.479,41.056 516.623,37.899 C516.755,34.978 517.244,33.391 517.654,32.338 C518.197,30.938 518.846,29.942 519.894,28.894 C520.942,27.846 521.94,27.196 523.338,26.654 C524.393,26.244 525.979,25.756 528.898,25.623 C532.057,25.479 533.004,25.448 541,25.448 C548.997,25.448 549.943,25.479 553.102,25.623 C556.021,25.756 557.607,26.244 558.662,26.654 C560.06,27.196 561.058,27.846 562.106,28.894 C563.154,29.942 563.803,30.938 564.346,32.338 C564.756,33.391 565.244,34.978 565.378,37.899 C565.522,41.056 565.552,42.003 565.552,50 C565.552,57.996 565.522,58.943 565.378,62.101 M570.82,37.631 C570.674,34.438 570.167,32.258 569.425,30.349 C568.659,28.377 567.633,26.702 565.965,25.035 C564.297,23.368 562.623,22.342 560.652,21.575 C558.743,20.834 556.562,20.326 553.369,20.18 C550.169,20.033 549.148,20 541,20 C532.853,20 531.831,20.033 528.631,20.18 C525.438,20.326 523.257,20.834 521.349,21.575 C519.376,22.342 517.703,23.368 516.035,25.035 C514.368,26.702 513.342,28.377 512.574,30.349 C511.834,32.258 511.326,34.438 511.181,37.631 C511.035,40.831 511,41.851 511,50 C511,58.147 511.035,59.17 511.181,62.369 C511.326,65.562 511.834,67.743 512.574,69.651 C513.342,71.625 514.368,73.296 516.035,74.965 C517.703,76.634 519.376,77.658 521.349,78.425 C523.257,79.167 525.438,79.673 528.631,79.82 C531.831,79.965 532.853,80.001 541,80.001 C549.148,80.001 550.169,79.965 553.369,79.82 C556.562,79.673 558.743,79.167 560.652,78.425 C562.623,77.658 564.297,76.634 565.965,74.965 C567.633,73.296 568.659,71.625 569.425,69.651 C570.167,67.743 570.674,65.562 570.82,62.369 C570.966,59.17 571,58.147 571,50 C571,41.851 570.966,40.831 570.82,37.631\"><\/path><\/g><\/g><\/g><\/svg><\/div><div style=\"padding-top: 8px;\"> <div style=\" color:#3897f0; font-family:Arial,sans-serif; font-size:14px; font-style:normal; font-weight:550; line-height:18px;\">View this post on Instagram<\/div><\/div><div style=\"padding: 12.5% 0;\"><\/div> <div style=\"display: flex; flex-direction: row; margin-bottom: 14px; align-items: center;\"><div> <div style=\"background-color: #F4F4F4; border-radius: 50%; height: 12.5px; width: 12.5px; transform: translateX(0px) translateY(7px);\"><\/div> <div style=\"background-color: #F4F4F4; height: 12.5px; transform: rotate(-45deg) translateX(3px) translateY(1px); width: 12.5px; flex-grow: 0; margin-right: 14px; margin-left: 2px;\"><\/div> <div style=\"background-color: #F4F4F4; border-radius: 50%; height: 12.5px; width: 12.5px; transform: translateX(9px) translateY(-18px);\"><\/div><\/div><div style=\"margin-left: 8px;\"> <div style=\" background-color: #F4F4F4; border-radius: 50%; flex-grow: 0; height: 20px; width: 20px;\"><\/div> <div style=\" width: 0; height: 0; border-top: 2px solid transparent; border-left: 6px solid #f4f4f4; border-bottom: 2px solid transparent; transform: translateX(16px) translateY(-4px) rotate(30deg)\"><\/div><\/div><div style=\"margin-left: auto;\"> <div style=\" width: 0px; border-top: 8px solid #F4F4F4; border-right: 8px solid transparent; transform: translateY(16px);\"><\/div> <div style=\" background-color: #F4F4F4; flex-grow: 0; height: 12px; width: 16px; transform: translateY(-4px);\"><\/div> <div style=\" width: 0; height: 0; border-top: 8px solid #F4F4F4; border-left: 8px solid transparent; transform: translateY(-4px) translateX(8px);\"><\/div><\/div><\/div> <div style=\"display: flex; flex-direction: column; flex-grow: 1; justify-content: center; margin-bottom: 24px;\"> <div style=\" background-color: #F4F4F4; border-radius: 4px; flex-grow: 0; height: 14px; margin-bottom: 6px; width: 224px;\"><\/div> <div style=\" background-color: #F4F4F4; border-radius: 4px; flex-grow: 0; height: 14px; width: 144px;\"><\/div><\/div><\/a><p style=\" color:#c9c8cd; font-family:Arial,sans-serif; font-size:14px; line-height:17px; margin-bottom:0; margin-top:8px; overflow:hidden; padding:8px 0 7px; text-align:center; text-overflow:ellipsis; white-space:nowrap;\"><a href=\"https:\/\/www.instagram.com\/p\/DI0iwfvqxI-\/?utm_source=ig_embed&amp;utm_campaign=loading\" style=\" color:#c9c8cd; font-family:Arial,sans-serif; font-size:14px; font-style:normal; font-weight:normal; line-height:17px; text-decoration:none;\" target=\"_blank\">A post shared by Comisia European\u0103 \u00een \ud83c\uddf7\ud83c\uddf4 (@comisiaeuropeana)<\/a><\/p><\/div><\/blockquote><script async src=\"\/\/platform.instagram.com\/en_US\/embeds.js\"><\/script>\n<\/div><\/figure>\n\n\n\n<p>Dac\u0103 vrei s\u0103 prime\u0219ti informa\u021bii despre activit\u0103\u021bile realizate de SciResCareer \u0219i despre activit\u0103\u021bi dedicate cercet\u0103torilor prin e-mail, te rug\u0103m s\u0103 te abonezi la&nbsp;<a href=\"http:\/\/eepurl.com\/i43jkE\" target=\"_blank\" rel=\"noreferrer noopener\"><strong>newsletter-ul CercetALERT<\/strong><\/a>.<\/p>\n\n\n\n<p><\/p>\n","protected":false},"excerpt":{"rendered":"<p>Bun venit la o nou\u0103 edi\u021bie de CercetALERT, cea cu num\u0103rul V. Luna mai este una extrem de bogat\u0103 \u00een evenimente pentru cercet\u0103tori \u0219i la care SciResCareer este fie partener, fie organizator principal. O parte din ele sunt prezentate mai jos, lista complet\u0103 va fi anun\u021bat\u0103 foarte cur\u00e2nd prin newsletter-ul CercetALERT, la care v\u0103 invit\u0103m&#8230;<\/p>\n","protected":false},"author":1,"featured_media":1230,"comment_status":"open","ping_status":"open","sticky":false,"template":"","format":"standard","meta":{"_jetpack_memberships_contains_paid_content":false,"footnotes":""},"categories":[1],"tags":[95,30],"class_list":["post-1384","post","type-post","status-publish","format-standard","has-post-thumbnail","hentry","category-noutati","tag-cercetalert","tag-promovarea-stiintei"],"jetpack_featured_media_url":"https:\/\/i0.wp.com\/scirescareer.unibuc.ro\/wp-content\/uploads\/2024\/11\/Vizual-CercetALERT.jpg?fit=2754%2C1182&ssl=1","jetpack-related-posts":[],"jetpack_sharing_enabled":true,"_links":{"self":[{"href":"https:\/\/scirescareer.unibuc.ro\/index.php\/wp-json\/wp\/v2\/posts\/1384","targetHints":{"allow":["GET"]}}],"collection":[{"href":"https:\/\/scirescareer.unibuc.ro\/index.php\/wp-json\/wp\/v2\/posts"}],"about":[{"href":"https:\/\/scirescareer.unibuc.ro\/index.php\/wp-json\/wp\/v2\/types\/post"}],"author":[{"embeddable":true,"href":"https:\/\/scirescareer.unibuc.ro\/index.php\/wp-json\/wp\/v2\/users\/1"}],"replies":[{"embeddable":true,"href":"https:\/\/scirescareer.unibuc.ro\/index.php\/wp-json\/wp\/v2\/comments?post=1384"}],"version-history":[{"count":13,"href":"https:\/\/scirescareer.unibuc.ro\/index.php\/wp-json\/wp\/v2\/posts\/1384\/revisions"}],"predecessor-version":[{"id":1474,"href":"https:\/\/scirescareer.unibuc.ro\/index.php\/wp-json\/wp\/v2\/posts\/1384\/revisions\/1474"}],"wp:featuredmedia":[{"embeddable":true,"href":"https:\/\/scirescareer.unibuc.ro\/index.php\/wp-json\/wp\/v2\/media\/1230"}],"wp:attachment":[{"href":"https:\/\/scirescareer.unibuc.ro\/index.php\/wp-json\/wp\/v2\/media?parent=1384"}],"wp:term":[{"taxonomy":"category","embeddable":true,"href":"https:\/\/scirescareer.unibuc.ro\/index.php\/wp-json\/wp\/v2\/categories?post=1384"},{"taxonomy":"post_tag","embeddable":true,"href":"https:\/\/scirescareer.unibuc.ro\/index.php\/wp-json\/wp\/v2\/tags?post=1384"}],"curies":[{"name":"wp","href":"https:\/\/api.w.org\/{rel}","templated":true}]}}