{"id":678,"date":"2023-08-16T10:47:57","date_gmt":"2023-08-16T10:47:57","guid":{"rendered":"https:\/\/scirescareer.unibuc.ro\/?p=678"},"modified":"2023-08-16T10:48:44","modified_gmt":"2023-08-16T10:48:44","slug":"schimb-de-experienta-cu-uvt","status":"publish","type":"post","link":"https:\/\/scirescareer.unibuc.ro\/index.php\/2023\/08\/16\/schimb-de-experienta-cu-uvt\/","title":{"rendered":"Schimb de experien\u021b\u0103 cu UVT"},"content":{"rendered":"\n<p class=\"has-text-align-justify\">\u00cen perioada 2-4 august 2023. dr. Marius Matache a efectuat o deplasare la Universitatea de Vest din Timi\u0219oara (UVT), scopul deplas\u0103rii fiind realizarea unui schimb de experien\u021b\u0103 cu centrul similar din Regiunea Vest, pe care UVT \u00eel implementeaz\u0103 \u00een cadrul unui proiect similar. Cu ocazia deplas\u0103rii, acesta a  avut \u00eent\u00e2lniri cu dl. Conf. Univ. Dr. M\u0103d\u0103lin Bunoiu, prorector al UVT, \u0219i Andreea Radu, coordonator al proiectului <em>Centrul de consiliere si orientare in cariera de cercetator- regiunea de Vest<\/em>. Au fost prezentate proiectele implementate de ambele institu\u021bii \u0219i au fost discutate problemele de ordin tehnic \u0219i administrativ \u00eent\u00e2mpinate, precum \u0219i solu\u021biile g\u0103site de fiecare parte.<\/p>\n\n\n\n<p class=\"has-text-align-justify\">Din discu\u021biile avute au rezultat mai multe idei comune ce urmeaz\u0103 a fi discutate \u0219i puse \u00een practic\u0103 \u00een cadrul unor viitoare activit\u0103\u021bi \u00een comun ale re\u021belei na\u021bionale de opt centre regionale de orientare \u00een carier\u0103. Astfel, a fost analizat\u0103 oportunitatea organiz\u0103rii unei \u00eent\u00e2lniri care s\u0103 beneficieze de participarea reprezentan\u021bilor tuturor celor opt centre, la care s\u0103 se adauge speciali\u0219ti \u00een domeniul promov\u0103rii \u0219i comunic\u0103rii \u0219tiin\u021bei (constituit la Timi\u0219oara, \u00een cadrul conferin\u021bei Smart Diaspora) \u0219i reprezentan\u021bi ai celor mai importante universit\u0103\u021bi din Rom\u00e2nia care nu au astfel de centre (de ex. Universitatea Politehnic\u0103 din Timi\u0219oara, Universitatea Politehnica Bucure\u0219ti, Universitatea Alexandru Ioan Cuza); \u00eent\u00e2lnirea poate avea ca scop demararea activit\u0103\u021bilor pentru realizarea unui manual de bune practici \u00een promovarea \u0219tiin\u021bei, care s\u0103 vin\u0103 \u00een ajutor universit\u0103\u021bilor \u00een implementarea unor astfel de activit\u0103\u021bi; una din ideile ce au rezultat din discu\u021bii \u0219i care poate fi inclus \u00een acest document a fost realizarea \u00een parteneriat public-privat de activit\u0103\u021bi de promovare a \u0219tiin\u021bei pe perioada vacan\u021bei universitare (workshopuri, \u0219coli de var\u0103).<\/p>\n\n\n\n<p class=\"has-text-align-justify\">De asemenea, Universitatea de Vest \u0219i-a exprimat deschiderea \u0219i interesul fa\u021b\u0103 de posibilitatea de a aplica \u00een viitor, \u00een parteneriat, pentru un proiect comun la nivel european de promovare a \u0219tiin\u021bei.<\/p>\n","protected":false},"excerpt":{"rendered":"<p>\u00cen perioada 2-4 august 2023. dr. Marius Matache a efectuat o deplasare la Universitatea de Vest din Timi\u0219oara (UVT), scopul deplas\u0103rii fiind realizarea unui schimb de experien\u021b\u0103 cu centrul similar din Regiunea Vest, pe care UVT \u00eel implementeaz\u0103 \u00een cadrul unui proiect similar. Cu ocazia deplas\u0103rii, acesta a avut \u00eent\u00e2lniri cu dl. Conf. Univ. Dr&#8230;.<\/p>\n","protected":false},"author":1,"featured_media":680,"comment_status":"open","ping_status":"open","sticky":false,"template":"","format":"standard","meta":{"_jetpack_memberships_contains_paid_content":false,"footnotes":""},"categories":[1,23],"tags":[38,37,39],"class_list":["post-678","post","type-post","status-publish","format-standard","has-post-thumbnail","hentry","category-noutati","category-reteaua-era-talent","tag-reteaua-era-talent","tag-schimb-de-experienta","tag-universitatea-de-vest-din-timisoara"],"jetpack_featured_media_url":"https:\/\/i0.wp.com\/scirescareer.unibuc.ro\/wp-content\/uploads\/2023\/08\/Vizual-Articole-Spider.jpg?fit=1800%2C1368&ssl=1","jetpack-related-posts":[],"jetpack_sharing_enabled":true,"_links":{"self":[{"href":"https:\/\/scirescareer.unibuc.ro\/index.php\/wp-json\/wp\/v2\/posts\/678","targetHints":{"allow":["GET"]}}],"collection":[{"href":"https:\/\/scirescareer.unibuc.ro\/index.php\/wp-json\/wp\/v2\/posts"}],"about":[{"href":"https:\/\/scirescareer.unibuc.ro\/index.php\/wp-json\/wp\/v2\/types\/post"}],"author":[{"embeddable":true,"href":"https:\/\/scirescareer.unibuc.ro\/index.php\/wp-json\/wp\/v2\/users\/1"}],"replies":[{"embeddable":true,"href":"https:\/\/scirescareer.unibuc.ro\/index.php\/wp-json\/wp\/v2\/comments?post=678"}],"version-history":[{"count":4,"href":"https:\/\/scirescareer.unibuc.ro\/index.php\/wp-json\/wp\/v2\/posts\/678\/revisions"}],"predecessor-version":[{"id":683,"href":"https:\/\/scirescareer.unibuc.ro\/index.php\/wp-json\/wp\/v2\/posts\/678\/revisions\/683"}],"wp:featuredmedia":[{"embeddable":true,"href":"https:\/\/scirescareer.unibuc.ro\/index.php\/wp-json\/wp\/v2\/media\/680"}],"wp:attachment":[{"href":"https:\/\/scirescareer.unibuc.ro\/index.php\/wp-json\/wp\/v2\/media?parent=678"}],"wp:term":[{"taxonomy":"category","embeddable":true,"href":"https:\/\/scirescareer.unibuc.ro\/index.php\/wp-json\/wp\/v2\/categories?post=678"},{"taxonomy":"post_tag","embeddable":true,"href":"https:\/\/scirescareer.unibuc.ro\/index.php\/wp-json\/wp\/v2\/tags?post=678"}],"curies":[{"name":"wp","href":"https:\/\/api.w.org\/{rel}","templated":true}]}}