{"id":732,"date":"2023-10-10T13:24:05","date_gmt":"2023-10-10T13:24:05","guid":{"rendered":"https:\/\/scirescareer.unibuc.ro\/?p=732"},"modified":"2024-02-07T12:38:16","modified_gmt":"2024-02-07T12:38:16","slug":"formare-profesionala-a-cercetatorilor","status":"publish","type":"post","link":"https:\/\/scirescareer.unibuc.ro\/index.php\/2023\/10\/10\/formare-profesionala-a-cercetatorilor\/","title":{"rendered":"Formare profesional\u0103 a cercet\u0103torilor 2023"},"content":{"rendered":"\n<p class=\"has-text-align-justify\">Universitatea Bucure\u0219ti, prin colaborarea dintre centrul <a href=\"https:\/\/unibuc.ro\/studii\/lifelong-learning\/unibuc-peer-learning-2023\/\"><strong>UniBuc Peer Learning<\/strong><\/a> si <strong>Centrul Regional de Orientare \u0219i Consiliere \u00een Cariera de Cercet\u0103tor \u2013 Bucure\u0219ti-Ilfov \u2013 de la educa\u021bie preuniversitar\u0103 la cercetare avansat\u0103 &#8211; SciResCareer<\/strong> anun\u021b\u0103 lansarea sesiunii de toamn\u0103 2023 a cursurilor de formare \u0219i dezvoltare profesional\u0103, destinate cercet\u0103torilor din regiunea Bucure\u0219ti-Ilfov.<\/p>\n\n\n\n<p class=\"has-text-align-justify\"><strong>Ce este programul de formare? <\/strong>Programul de formare a fost dezvoltat pe baza taxonomiei competen\u021belor transversale pentru cercet\u0103tori, urm\u0103rind dezvoltarea abilit\u0103\u021bilor pe teme strategice selectate.<\/p>\n\n\n\n<p class=\"has-text-align-justify\"><strong>Cui \u00eei este adresat? <\/strong>Tuturor cercet\u0103torilor sau viitorilor cercet\u0103tori din Regiunea Bucure\u0219ti-Ilfov care sunt interesa\u021bi \u00een dezvoltarea acestor aptitudini.<\/p>\n\n\n\n<h3 class=\"wp-block-heading\"><strong>Calendarul cursurilor de formare profesional\u0103<\/strong><\/h3>\n\n\n\n<figure class=\"wp-block-table\"><table><tbody><tr><td><strong>Workshop<\/strong><\/td><td><strong>Formator<\/strong><\/td><td>Perioad\u0103 sus\u021binere workshop<\/td><td>&nbsp;<\/td><\/tr><tr><td><a href=\"https:\/\/drive.google.com\/drive\/folders\/1JQJ02EeG-wKYa5HKs80QcP3ZBP0RbJgD\">Cartarea domeniilor \u0219tiin\u021bifice folosind CiteSpace \u0219i analiza diversit\u0103\u021bii semantice a termenilor teoretici cheie<\/a><\/td><td>Virgil Alexandru Iordache<\/td><td>18, 25 octombrie 2023, orele 17:00\u201319:00 1, 8 noiembrie 2023, orele 17:00\u201319:00<\/td><td><a href=\"https:\/\/docs.google.com\/forms\/u\/1\/d\/e\/1FAIpQLSfp0brLWraqbME-kXk8Hch6Y18JOSkH9Wr4giRAUsdmCbXRWQ\/closedform\">Link \u00eenscriere<\/a><\/td><\/tr><tr><td><a href=\"https:\/\/drive.google.com\/drive\/folders\/1yPMvv1VtoiSOjYmsvUaXyfy7z74aSW5l?usp=share_link\"><em>Explicit and tacit knowledge in the acadmia: how to be a researcher?<\/em><\/a> (Cunoa\u0219tere explicit\u0103 \u0219i cunoa\u0219tere tacit\u0103 \u00een cariera academic\u0103)<\/td><td>Mihnea Dobre, Dana Jalobeanu<\/td><td>30 octombrie 2023, orele 16:00\u201319:00<br>2, 6, 9 noiembrie 2023, orele 16:00\u201319:00<\/td><td><a href=\"https:\/\/forms.gle\/rsiHdfzmWXxNkBun6\">Link \u00eenscriere<\/a><\/td><\/tr><tr><td><a href=\"https:\/\/drive.google.com\/drive\/folders\/1cHk3Qkl4_LPJ5OPMOfQp9P_RKMwLSq_g?usp=share_link\">Analiza datelor introspective<\/a><\/td><td>Andrei Ionu\u0163\u0326 M\u0103r\u0103\u0219oiu<\/td><td>13, 14, 15, 16 noiembrie 2023, orele 18:00\u201320:00<\/td><td><a href=\"https:\/\/forms.gle\/oC9Ywd7PKyEaoE9a9\">Link \u00eenscriere<\/a><\/td><\/tr><tr><td><a href=\"https:\/\/drive.google.com\/drive\/folders\/1djd-trtE8DkyDIibY41mNDRIp4HlGf38?usp=share_link\">Scrisul ca joac\u0103, scrisul ca terapie<\/a><\/td><td>Andrei Ionu\u0163\u0326 M\u0103r\u0103\u0219oiu<\/td><td>20, 21, 22, 23 noiembrie 2023, orele 18:00\u201320:00<\/td><td><a href=\"https:\/\/docs.google.com\/forms\/d\/e\/1FAIpQLSenLHp1j_5WsDTSd0cBpMkFOqr2bfUtXGEN7mGYZUEQSaBH3w\/viewform\">Link \u00eenscriere<\/a><\/td><\/tr><\/tbody><\/table><\/figure>\n","protected":false},"excerpt":{"rendered":"<p>Universitatea Bucure\u0219ti, prin colaborarea dintre centrul UniBuc Peer Learning si Centrul Regional de Orientare \u0219i Consiliere \u00een Cariera de Cercet\u0103tor \u2013 Bucure\u0219ti-Ilfov \u2013 de la educa\u021bie preuniversitar\u0103 la cercetare avansat\u0103 &#8211; SciResCareer anun\u021b\u0103 lansarea sesiunii de toamn\u0103 2023 a cursurilor de formare \u0219i dezvoltare profesional\u0103, destinate cercet\u0103torilor din regiunea Bucure\u0219ti-Ilfov. Ce este programul de formare?&#8230;<\/p>\n","protected":false},"author":1,"featured_media":739,"comment_status":"open","ping_status":"open","sticky":false,"template":"","format":"standard","meta":{"_jetpack_memberships_contains_paid_content":false,"footnotes":""},"categories":[33,1],"tags":[],"class_list":["post-732","post","type-post","status-publish","format-standard","has-post-thumbnail","hentry","category-formare","category-noutati"],"jetpack_featured_media_url":"https:\/\/i0.wp.com\/scirescareer.unibuc.ro\/wp-content\/uploads\/2023\/10\/Formare-2.jpg?fit=432%2C500&ssl=1","jetpack-related-posts":[],"jetpack_sharing_enabled":true,"_links":{"self":[{"href":"https:\/\/scirescareer.unibuc.ro\/index.php\/wp-json\/wp\/v2\/posts\/732","targetHints":{"allow":["GET"]}}],"collection":[{"href":"https:\/\/scirescareer.unibuc.ro\/index.php\/wp-json\/wp\/v2\/posts"}],"about":[{"href":"https:\/\/scirescareer.unibuc.ro\/index.php\/wp-json\/wp\/v2\/types\/post"}],"author":[{"embeddable":true,"href":"https:\/\/scirescareer.unibuc.ro\/index.php\/wp-json\/wp\/v2\/users\/1"}],"replies":[{"embeddable":true,"href":"https:\/\/scirescareer.unibuc.ro\/index.php\/wp-json\/wp\/v2\/comments?post=732"}],"version-history":[{"count":7,"href":"https:\/\/scirescareer.unibuc.ro\/index.php\/wp-json\/wp\/v2\/posts\/732\/revisions"}],"predecessor-version":[{"id":806,"href":"https:\/\/scirescareer.unibuc.ro\/index.php\/wp-json\/wp\/v2\/posts\/732\/revisions\/806"}],"wp:featuredmedia":[{"embeddable":true,"href":"https:\/\/scirescareer.unibuc.ro\/index.php\/wp-json\/wp\/v2\/media\/739"}],"wp:attachment":[{"href":"https:\/\/scirescareer.unibuc.ro\/index.php\/wp-json\/wp\/v2\/media?parent=732"}],"wp:term":[{"taxonomy":"category","embeddable":true,"href":"https:\/\/scirescareer.unibuc.ro\/index.php\/wp-json\/wp\/v2\/categories?post=732"},{"taxonomy":"post_tag","embeddable":true,"href":"https:\/\/scirescareer.unibuc.ro\/index.php\/wp-json\/wp\/v2\/tags?post=732"}],"curies":[{"name":"wp","href":"https:\/\/api.w.org\/{rel}","templated":true}]}}